{"id":820,"date":"2024-03-06T21:56:06","date_gmt":"2024-03-06T21:56:06","guid":{"rendered":"https:\/\/brinca.deec.fct.unl.pt\/?p=820"},"modified":"2024-03-07T18:30:36","modified_gmt":"2024-03-07T18:30:36","slug":"carro-telecomandado-laranja","status":"publish","type":"post","link":"https:\/\/brinca.deec.fct.unl.pt\/index.php\/2024\/03\/06\/carro-telecomandado-laranja\/","title":{"rendered":"Carro Telecomandado Laranja"},"content":{"rendered":"\n<p><strong>Descri\u00e7\u00e3o<\/strong>: Este artigo tem como prop\u00f3sito demonstrar o procedimento da adapta\u00e7\u00e3o feita a este brinquedo. \u00c9 constitu\u00eddo por um guia da adapta\u00e7\u00e3o e por um v\u00eddeo exemplo do funcionamento adaptado.<\/p>\n\n\n\n<p><strong>Material necess\u00e1rio para adapta\u00e7\u00e3o:<\/strong><\/p>\n\n\n\n<ul>\n<li>10 ampolas Reed<\/li>\n\n\n\n<li>10 Jack 3.5 MONO Macho<\/li>\n\n\n\n<li>10 Jack 3.5 MONO F\u00eamea<\/li>\n\n\n\n<li>Bobine de Fios de cobre multifilar com isolamento<\/li>\n\n\n\n<li>Solda em fio 1mm<\/li>\n\n\n\n<li>Malha dessoldadora 2.5 mm<\/li>\n\n\n\n<li>Base de madeira\/contraplacado (opcional)<\/li>\n\n\n\n<li>Fitas de Velcro (opcional)<\/li>\n\n\n\n<li>Papel colorido (opcional)<\/li>\n<\/ul>\n\n\n\n<p><strong>Ferramentas necess\u00e1rias para a adapta\u00e7\u00e3o:<\/strong><\/p>\n\n\n\n<ul>\n<li>Alicate descarnador para cabos el\u00e9tricos com isolamento<\/li>\n\n\n\n<li>Chaves de fendas Philips<\/li>\n\n\n\n<li>Tesoura<\/li>\n\n\n\n<li>Mini Broca manual<\/li>\n\n\n\n<li>Ferro de soldar (Esta\u00e7\u00e3o de soldadura)<\/li>\n\n\n\n<li>Suporte para ferro de soldar com lupa e pin\u00e7as (opcional, mas recomendado)<\/li>\n\n\n\n<li>Pistola de cola quente (opcional)<\/li>\n\n\n\n<li>Alicate obl\u00edquo (opcional)<\/li>\n<\/ul>\n\n\n\n<p><strong>Guia de adapta\u00e7\u00e3o:<\/strong><\/p>\n\n\n\n<div class=\"wp-block-file\"><object class=\"wp-block-file__embed\" data=\"https:\/\/brinca.deec.fct.unl.pt\/wp-content\/uploads\/2024\/03\/Adaptacao-do-carro-telecomandado-laranja.pdf\" type=\"application\/pdf\" style=\"width:100%;height:600px\" aria-label=\"Incorpora\u00e7\u00e3o de Adaptacao-do-carro-telecomandado-laranja.\"><\/object><a id=\"wp-block-file--media-9fb05b9a-91b3-4785-a3fa-76cc8b0c78f1\" href=\"https:\/\/brinca.deec.fct.unl.pt\/wp-content\/uploads\/2024\/03\/Adaptacao-do-carro-telecomandado-laranja.pdf\">Adaptacao-do-carro-telecomandado-laranja<\/a><a href=\"https:\/\/brinca.deec.fct.unl.pt\/wp-content\/uploads\/2024\/03\/Adaptacao-do-carro-telecomandado-laranja.pdf\" class=\"wp-block-file__button wp-element-button\" download aria-describedby=\"wp-block-file--media-9fb05b9a-91b3-4785-a3fa-76cc8b0c78f1\">Descarregar<\/a><\/div>\n\n\n\n<p><strong>V\u00eddeo:<\/strong><\/p>\n\n\n\n<figure class=\"wp-block-video\"><video controls src=\"https:\/\/brinca.deec.fct.unl.pt\/wp-content\/uploads\/2024\/03\/video_carro_laranja.mp4\"><\/video><\/figure>\n\n\n\n<p><strong>Cr\u00e9ditos:<\/strong><\/p>\n\n\n\n<p>Ishan Dhirajlal<br>Miguel Patr\u00edcio<br>M\u00f3nica Est\u00eav\u00e3o<\/p>\n","protected":false},"excerpt":{"rendered":"<p>Descri\u00e7\u00e3o: Este artigo tem como prop\u00f3sito demonstrar o procedimento da adapta\u00e7\u00e3o feita a este brinquedo. \u00c9 constitu\u00eddo por um guia da adapta\u00e7\u00e3o e por um v\u00eddeo exemplo do funcionamento adaptado. Material necess\u00e1rio para adapta\u00e7\u00e3o: Ferramentas necess\u00e1rias para a adapta\u00e7\u00e3o: Guia de adapta\u00e7\u00e3o: V\u00eddeo: Cr\u00e9ditos: Ishan DhirajlalMiguel Patr\u00edcioM\u00f3nica Est\u00eav\u00e3o<\/p>\n","protected":false},"author":1,"featured_media":837,"comment_status":"open","ping_status":"open","sticky":false,"template":"","format":"standard","meta":[],"categories":[28],"tags":[],"post_folder":[27],"_links":{"self":[{"href":"https:\/\/brinca.deec.fct.unl.pt\/index.php\/wp-json\/wp\/v2\/posts\/820"}],"collection":[{"href":"https:\/\/brinca.deec.fct.unl.pt\/index.php\/wp-json\/wp\/v2\/posts"}],"about":[{"href":"https:\/\/brinca.deec.fct.unl.pt\/index.php\/wp-json\/wp\/v2\/types\/post"}],"author":[{"embeddable":true,"href":"https:\/\/brinca.deec.fct.unl.pt\/index.php\/wp-json\/wp\/v2\/users\/1"}],"replies":[{"embeddable":true,"href":"https:\/\/brinca.deec.fct.unl.pt\/index.php\/wp-json\/wp\/v2\/comments?post=820"}],"version-history":[{"count":2,"href":"https:\/\/brinca.deec.fct.unl.pt\/index.php\/wp-json\/wp\/v2\/posts\/820\/revisions"}],"predecessor-version":[{"id":824,"href":"https:\/\/brinca.deec.fct.unl.pt\/index.php\/wp-json\/wp\/v2\/posts\/820\/revisions\/824"}],"wp:featuredmedia":[{"embeddable":true,"href":"https:\/\/brinca.deec.fct.unl.pt\/index.php\/wp-json\/wp\/v2\/media\/837"}],"wp:attachment":[{"href":"https:\/\/brinca.deec.fct.unl.pt\/index.php\/wp-json\/wp\/v2\/media?parent=820"}],"wp:term":[{"taxonomy":"category","embeddable":true,"href":"https:\/\/brinca.deec.fct.unl.pt\/index.php\/wp-json\/wp\/v2\/categories?post=820"},{"taxonomy":"post_tag","embeddable":true,"href":"https:\/\/brinca.deec.fct.unl.pt\/index.php\/wp-json\/wp\/v2\/tags?post=820"},{"taxonomy":"post_folder","embeddable":true,"href":"https:\/\/brinca.deec.fct.unl.pt\/index.php\/wp-json\/wp\/v2\/post_folder?post=820"}],"curies":[{"name":"wp","href":"https:\/\/api.w.org\/{rel}","templated":true}]}}